{"id":7452,"date":"2015-03-18T18:23:38","date_gmt":"2015-03-18T18:23:38","guid":{"rendered":"https:\/\/www.echlorial.fr\/blog\/soluciono-mi-grave-problema-de-piel\/"},"modified":"2015-03-18T18:23:38","modified_gmt":"2015-03-18T18:23:38","slug":"soluciono-mi-grave-problema-de-piel","status":"publish","type":"post","link":"https:\/\/www.echlorial.es\/blog\/soluciono-mi-grave-problema-de-piel\/","title":{"rendered":"Solucion\u00f3 mi grave problema de piel"},"content":{"rendered":"<p><span style=\"font-size: 12pt;\"><strong>La chlorella solucion\u00f3 mi grave problema cut\u00e1neo y tuvo un efecto beneficioso sobre mi artritis<\/strong><\/span><\/p>\n<p><span style=\"font-size: 12pt;\">Tras un choque psicol\u00f3gico en enero de 2007, me atac\u00f3 un <strong>eczema<\/strong> inflamado en la mitad del cuerpo, un estafilococo dorado aprovech\u00f3 para instalarse. Me encontraba en un estado de gran agotamiento. Para colmo, contraje una bronquitis asm\u00e1tica.<\/span><\/p>\n<p><span style=\"font-size: 12pt;\">El cansancio f\u00edsico me llev\u00f3 a una p\u00e9rdida de moral y estuve al borde de la depresi\u00f3n. Fue entonces cuando en febrero de 2007, viendo el estado en el que me encontraba, una amiga me aconsej\u00f3 tomar Chlorella, me regal\u00f3 una caja despu\u00e9s de convencerme del papel que desempe\u00f1aba este producto a nivel inmunitario. Despu\u00e9s de 2 meses de tomar Chlorella regularmente, mis extremidades volvieron a tener un aspecto normal.<\/span><\/p>\n<p><span style=\"font-size: 12pt;\">Llevo tom\u00e1ndola un a\u00f1o y medio y no he tenido ning\u00fan problema desde entonces. Tomo 10 comprimidos al d\u00eda por la ma\u00f1ana con t\u00e9.<\/span><\/p>\n<p><span style=\"font-size: 12pt;\">En verano dejo de tomarlo a menos que sienta un ataque del virus: la nariz empieza a gotear, me duele la garganta y en estos casos tomo 25 comprimidos y al d\u00eda siguiente \u00a1nada! Y todas las veces funciona! Estoy enga\u00f1ado.<\/span><\/p>\n<p><span style=\"font-size: 12pt;\">Sea cual sea la cantidad que tomo, no siento ninguna molestia a nivel digestivo o intestinal.<\/span><\/p>\n<p><span style=\"font-size: 12pt;\">Para m\u00ed la Chlorella tiene un lado m\u00e1gico, \u00a1porque en a\u00f1os anteriores sol\u00eda coger una media de 3 a 5 bronquitis unidas a un asma incapacitante! Eso es cosa del pasado.<\/span><\/p>\n<p><span style=\"font-size: 12pt;\"><strong>Estoy casi seguro de que estoy \u00abprotegido\u00bb.<\/strong> Mi c\u00f3nyuge enferma: gripe, bronquitis&#8230; Yo no he tenido ocasi\u00f3n de enfermar en 1 \u00bd a\u00f1os. No es por esta raz\u00f3n por la que convencieron a mi amigo para que la tomara&#8230; \u00a1Mala suerte para \u00e9l!<\/span><\/p>\n<p><span style=\"font-size: 12pt;\">No puedo decir si <em>la Chlorella<\/em> ha tenido un efecto beneficioso sobre mi sue\u00f1o. No duermo mucho, de 3 a 4 horas por noche, quiz\u00e1s tengo noches m\u00e1s serenas, y la energ\u00eda sigue ah\u00ed a pesar de mis 64 a\u00f1os.<\/span><\/p>\n<p><span style=\"font-size: 12pt;\">Otro punto en el que creo que la <strong>clorela<\/strong> tiene un efecto beneficioso es la<strong>artritis<\/strong>. Me encantan los largos paseos. Me oper\u00e9 el tobillo y la rodilla despu\u00e9s de repetidos esguinces no tratados. Este a\u00f1o he vuelto a hacer 280 kms en 12 d\u00edas con una mochila de unos 12 kg. Este es el primer a\u00f1o que he <strong>tenido tan poco dolor<\/strong> a pesar de no tener cart\u00edlago en ambos tobillos.<\/span><\/p>\n<p><span style=\"font-size: 12pt;\">Con todo esto me he convertido en un prescriptor convencido de CHLORELLA, tan beneficiosos son sus efectos. Y aquellos a quienes aconsej\u00e9 que la probaran, se han convertido a su vez en seguidores y prescriptores convencidos.<\/span><\/p>\n<p><span style=\"font-size: 14pt;\"><a class=\"btn btn-default\">Nicole<\/a><\/span><\/p>\n","protected":false},"excerpt":{"rendered":"<p>La chlorella solucion\u00f3 mi grave problema cut\u00e1neo y tuvo un efecto beneficioso sobre mi artritis Tras un choque psicol\u00f3gico en enero de 2007, me atac\u00f3 un eczema inflamado en la mitad del cuerpo, un estafilococo dorado aprovech\u00f3 para instalarse. Me encontraba en un estado de gran agotamiento. Para colmo, contraje una bronquitis asm\u00e1tica. El cansancio [&hellip;]<\/p>\n","protected":false},"author":1,"featured_media":0,"comment_status":"open","ping_status":"open","sticky":false,"template":"","format":"standard","meta":[],"categories":[303,304,306,305,307,296],"tags":[],"acf":[],"yoast_head":"<!-- This site is optimized with the Yoast SEO plugin v19.7.1 - https:\/\/yoast.com\/wordpress\/plugins\/seo\/ -->\n<title>Solucion\u00f3 mi grave problema de piel<\/title>\n<meta name=\"robots\" content=\"index, follow, max-snippet:-1, max-image-preview:large, max-video-preview:-1\" \/>\n<link rel=\"canonical\" href=\"https:\/\/www.echlorial.es\/blog\/soluciono-mi-grave-problema-de-piel\/\" \/>\n<meta property=\"og:locale\" content=\"es_ES\" \/>\n<meta property=\"og:type\" content=\"article\" \/>\n<meta property=\"og:title\" content=\"Solucion\u00f3 mi grave problema de piel\" \/>\n<meta property=\"og:description\" content=\"La chlorella solucion\u00f3 mi grave problema cut\u00e1neo y tuvo un efecto beneficioso sobre mi artritis Tras un choque psicol\u00f3gico en enero de 2007, me atac\u00f3 un eczema inflamado en la mitad del cuerpo, un estafilococo dorado aprovech\u00f3 para instalarse. Me encontraba en un estado de gran agotamiento. Para colmo, contraje una bronquitis asm\u00e1tica. El cansancio [&hellip;]\" \/>\n<meta property=\"og:url\" content=\"https:\/\/www.echlorial.es\/blog\/soluciono-mi-grave-problema-de-piel\/\" \/>\n<meta property=\"og:site_name\" content=\"eChlorial\" \/>\n<meta property=\"article:published_time\" content=\"2015-03-18T18:23:38+00:00\" \/>\n<meta name=\"author\" content=\"admin_echlorial\" \/>\n<meta name=\"twitter:label1\" content=\"Escrito por\" \/>\n\t<meta name=\"twitter:data1\" content=\"admin_echlorial\" \/>\n\t<meta name=\"twitter:label2\" content=\"Tiempo de lectura\" \/>\n\t<meta name=\"twitter:data2\" content=\"2 minutos\" \/>\n<script type=\"application\/ld+json\" class=\"yoast-schema-graph\">{\"@context\":\"https:\/\/schema.org\",\"@graph\":[{\"@type\":\"WebPage\",\"@id\":\"https:\/\/www.echlorial.es\/blog\/soluciono-mi-grave-problema-de-piel\/\",\"url\":\"https:\/\/www.echlorial.es\/blog\/soluciono-mi-grave-problema-de-piel\/\",\"name\":\"Solucion\u00f3 mi grave problema de piel\",\"isPartOf\":{\"@id\":\"https:\/\/www.echlorial.com\/blog\/#website\"},\"datePublished\":\"2015-03-18T18:23:38+00:00\",\"dateModified\":\"2015-03-18T18:23:38+00:00\",\"author\":{\"@id\":\"https:\/\/www.echlorial.com\/blog\/#\/schema\/person\/0e76c63d04141dd4ae797ce19887e7a6\"},\"breadcrumb\":{\"@id\":\"https:\/\/www.echlorial.es\/blog\/soluciono-mi-grave-problema-de-piel\/#breadcrumb\"},\"inLanguage\":\"es\",\"potentialAction\":[{\"@type\":\"ReadAction\",\"target\":[\"https:\/\/www.echlorial.es\/blog\/soluciono-mi-grave-problema-de-piel\/\"]}]},{\"@type\":\"BreadcrumbList\",\"@id\":\"https:\/\/www.echlorial.es\/blog\/soluciono-mi-grave-problema-de-piel\/#breadcrumb\",\"itemListElement\":[{\"@type\":\"ListItem\",\"position\":1,\"name\":\"Inicio\",\"item\":\"https:\/\/www.echlorial.es\/\"},{\"@type\":\"ListItem\",\"position\":2,\"name\":\"Testimonios\",\"item\":\"https:\/\/www.echlorial.es\/blog\/category\/testimonios\/\"},{\"@type\":\"ListItem\",\"position\":3,\"name\":\"Articulaciones\",\"item\":\"https:\/\/www.echlorial.es\/blog\/category\/testimonios\/dolor-y-artritis\/\"},{\"@type\":\"ListItem\",\"position\":4,\"name\":\"Solucion\u00f3 mi grave problema de piel\"}]},{\"@type\":\"WebSite\",\"@id\":\"https:\/\/www.echlorial.com\/blog\/#website\",\"url\":\"https:\/\/www.echlorial.com\/blog\/\",\"name\":\"eChlorial\",\"description\":\"Chlorella extra pure cultiv\u00e9e sous tube de verre en Allemagne\",\"potentialAction\":[{\"@type\":\"SearchAction\",\"target\":{\"@type\":\"EntryPoint\",\"urlTemplate\":\"https:\/\/www.echlorial.com\/blog\/?s={search_term_string}\"},\"query-input\":\"required name=search_term_string\"}],\"inLanguage\":\"es\"},{\"@type\":\"Person\",\"@id\":\"https:\/\/www.echlorial.com\/blog\/#\/schema\/person\/0e76c63d04141dd4ae797ce19887e7a6\",\"name\":\"admin_echlorial\",\"sameAs\":[\"http:\/\/www.echlorial.fr\"],\"url\":\"https:\/\/www.echlorial.es\/blog\/author\/admin_echlorial\/\"}]}<\/script>\n<!-- \/ Yoast SEO plugin. -->","yoast_head_json":{"title":"Solucion\u00f3 mi grave problema de piel","robots":{"index":"index","follow":"follow","max-snippet":"max-snippet:-1","max-image-preview":"max-image-preview:large","max-video-preview":"max-video-preview:-1"},"canonical":"https:\/\/www.echlorial.es\/blog\/soluciono-mi-grave-problema-de-piel\/","og_locale":"es_ES","og_type":"article","og_title":"Solucion\u00f3 mi grave problema de piel","og_description":"La chlorella solucion\u00f3 mi grave problema cut\u00e1neo y tuvo un efecto beneficioso sobre mi artritis Tras un choque psicol\u00f3gico en enero de 2007, me atac\u00f3 un eczema inflamado en la mitad del cuerpo, un estafilococo dorado aprovech\u00f3 para instalarse. Me encontraba en un estado de gran agotamiento. Para colmo, contraje una bronquitis asm\u00e1tica. El cansancio [&hellip;]","og_url":"https:\/\/www.echlorial.es\/blog\/soluciono-mi-grave-problema-de-piel\/","og_site_name":"eChlorial","article_published_time":"2015-03-18T18:23:38+00:00","author":"admin_echlorial","twitter_misc":{"Escrito por":"admin_echlorial","Tiempo de lectura":"2 minutos"},"schema":{"@context":"https:\/\/schema.org","@graph":[{"@type":"WebPage","@id":"https:\/\/www.echlorial.es\/blog\/soluciono-mi-grave-problema-de-piel\/","url":"https:\/\/www.echlorial.es\/blog\/soluciono-mi-grave-problema-de-piel\/","name":"Solucion\u00f3 mi grave problema de piel","isPartOf":{"@id":"https:\/\/www.echlorial.com\/blog\/#website"},"datePublished":"2015-03-18T18:23:38+00:00","dateModified":"2015-03-18T18:23:38+00:00","author":{"@id":"https:\/\/www.echlorial.com\/blog\/#\/schema\/person\/0e76c63d04141dd4ae797ce19887e7a6"},"breadcrumb":{"@id":"https:\/\/www.echlorial.es\/blog\/soluciono-mi-grave-problema-de-piel\/#breadcrumb"},"inLanguage":"es","potentialAction":[{"@type":"ReadAction","target":["https:\/\/www.echlorial.es\/blog\/soluciono-mi-grave-problema-de-piel\/"]}]},{"@type":"BreadcrumbList","@id":"https:\/\/www.echlorial.es\/blog\/soluciono-mi-grave-problema-de-piel\/#breadcrumb","itemListElement":[{"@type":"ListItem","position":1,"name":"Inicio","item":"https:\/\/www.echlorial.es\/"},{"@type":"ListItem","position":2,"name":"Testimonios","item":"https:\/\/www.echlorial.es\/blog\/category\/testimonios\/"},{"@type":"ListItem","position":3,"name":"Articulaciones","item":"https:\/\/www.echlorial.es\/blog\/category\/testimonios\/dolor-y-artritis\/"},{"@type":"ListItem","position":4,"name":"Solucion\u00f3 mi grave problema de piel"}]},{"@type":"WebSite","@id":"https:\/\/www.echlorial.com\/blog\/#website","url":"https:\/\/www.echlorial.com\/blog\/","name":"eChlorial","description":"Chlorella extra pure cultiv\u00e9e sous tube de verre en Allemagne","potentialAction":[{"@type":"SearchAction","target":{"@type":"EntryPoint","urlTemplate":"https:\/\/www.echlorial.com\/blog\/?s={search_term_string}"},"query-input":"required name=search_term_string"}],"inLanguage":"es"},{"@type":"Person","@id":"https:\/\/www.echlorial.com\/blog\/#\/schema\/person\/0e76c63d04141dd4ae797ce19887e7a6","name":"admin_echlorial","sameAs":["http:\/\/www.echlorial.fr"],"url":"https:\/\/www.echlorial.es\/blog\/author\/admin_echlorial\/"}]}},"_links":{"self":[{"href":"https:\/\/www.echlorial.es\/blog\/wp-json\/wp\/v2\/posts\/7452"}],"collection":[{"href":"https:\/\/www.echlorial.es\/blog\/wp-json\/wp\/v2\/posts"}],"about":[{"href":"https:\/\/www.echlorial.es\/blog\/wp-json\/wp\/v2\/types\/post"}],"author":[{"embeddable":true,"href":"https:\/\/www.echlorial.es\/blog\/wp-json\/wp\/v2\/users\/1"}],"replies":[{"embeddable":true,"href":"https:\/\/www.echlorial.es\/blog\/wp-json\/wp\/v2\/comments?post=7452"}],"version-history":[{"count":0,"href":"https:\/\/www.echlorial.es\/blog\/wp-json\/wp\/v2\/posts\/7452\/revisions"}],"wp:attachment":[{"href":"https:\/\/www.echlorial.es\/blog\/wp-json\/wp\/v2\/media?parent=7452"}],"wp:term":[{"taxonomy":"category","embeddable":true,"href":"https:\/\/www.echlorial.es\/blog\/wp-json\/wp\/v2\/categories?post=7452"},{"taxonomy":"post_tag","embeddable":true,"href":"https:\/\/www.echlorial.es\/blog\/wp-json\/wp\/v2\/tags?post=7452"}],"curies":[{"name":"wp","href":"https:\/\/api.w.org\/{rel}","templated":true}]}}