{"id":7515,"date":"2015-04-13T19:55:40","date_gmt":"2015-04-13T19:55:40","guid":{"rendered":"https:\/\/www.echlorial.fr\/blog\/la-chlorella-y-yo-artritis-fatiga-insomnio\/"},"modified":"2015-04-13T19:55:40","modified_gmt":"2015-04-13T19:55:40","slug":"la-chlorella-y-yo-artritis-fatiga-insomnio","status":"publish","type":"post","link":"https:\/\/www.echlorial.es\/blog\/la-chlorella-y-yo-artritis-fatiga-insomnio\/","title":{"rendered":"La chlorella y yo: artritis, fatiga, insomnio"},"content":{"rendered":"<p>Aquejada de artrosis, fatiga e insomnio, despu\u00e9s de haberme sometido a acupuntura, homeopat\u00eda, fitoterapia y otros tratamientos tradicionales, recurr\u00ed a la chlorella tras haber visto en televisi\u00f3n el reportaje sobre los metales pesados y las amalgamas dentales.<\/p>\n<p>Progresivamente, quise probar el programa. No soportaba las dosis elevadas y tuve que reducir la dosis (aunque se aconseja aumentarla) porque sufr\u00eda estre\u00f1imiento, dolores de cabeza, problemas de equilibrio. Desde hace 2 meses, tomo 10 comprimidos 3 veces al d\u00eda y sigo esperando mejoras significativas que espero no tarden mucho en aparecer, si act\u00faan todos los componentes buenos de la chlorella.<\/p>\n<p>\u00bfPor qu\u00e9 no la recomiendan los fitoterapeutas?<\/p>\n<p><span style=\"font-size: 14pt;\"><a class=\"btn btn-default\">Mireille<\/a><\/span><\/p>\n","protected":false},"excerpt":{"rendered":"<p>Aquejada de artrosis, fatiga e insomnio, despu\u00e9s de haberme sometido a acupuntura, homeopat\u00eda, fitoterapia y otros tratamientos tradicionales, recurr\u00ed a la chlorella tras haber visto en televisi\u00f3n el reportaje sobre los metales pesados y las amalgamas dentales. Progresivamente, quise probar el programa. No soportaba las dosis elevadas y tuve que reducir la dosis (aunque se [&hellip;]<\/p>\n","protected":false},"author":1,"featured_media":0,"comment_status":"open","ping_status":"open","sticky":false,"template":"","format":"standard","meta":[],"categories":[303,314,296],"tags":[],"acf":[],"yoast_head":"<!-- This site is optimized with the Yoast SEO plugin v19.7.1 - https:\/\/yoast.com\/wordpress\/plugins\/seo\/ -->\n<title>La chlorella y yo: artritis, fatiga, insomnio<\/title>\n<meta name=\"description\" content=\"Naturopat\u00eda, desintoxicaci\u00f3n de metales pesados, testimonio sobre los efectos de la Chlorella: Aquejado de artritis, fatiga e insomnio, despu\u00e9s de haber...\" \/>\n<meta name=\"robots\" content=\"index, follow, max-snippet:-1, max-image-preview:large, max-video-preview:-1\" \/>\n<link rel=\"canonical\" href=\"https:\/\/www.echlorial.es\/blog\/la-chlorella-y-yo-artritis-fatiga-insomnio\/\" \/>\n<meta property=\"og:locale\" content=\"es_ES\" \/>\n<meta property=\"og:type\" content=\"article\" \/>\n<meta property=\"og:title\" content=\"La chlorella y yo: artritis, fatiga, insomnio\" \/>\n<meta property=\"og:description\" content=\"Naturopat\u00eda, desintoxicaci\u00f3n de metales pesados, testimonio sobre los efectos de la Chlorella: Aquejado de artritis, fatiga e insomnio, despu\u00e9s de haber...\" \/>\n<meta property=\"og:url\" content=\"https:\/\/www.echlorial.es\/blog\/la-chlorella-y-yo-artritis-fatiga-insomnio\/\" \/>\n<meta property=\"og:site_name\" content=\"eChlorial\" \/>\n<meta property=\"article:published_time\" content=\"2015-04-13T19:55:40+00:00\" \/>\n<meta name=\"author\" content=\"admin_echlorial\" \/>\n<meta name=\"twitter:label1\" content=\"Escrito por\" \/>\n\t<meta name=\"twitter:data1\" content=\"admin_echlorial\" \/>\n\t<meta name=\"twitter:label2\" content=\"Tiempo de lectura\" \/>\n\t<meta name=\"twitter:data2\" content=\"1 minuto\" \/>\n<script type=\"application\/ld+json\" class=\"yoast-schema-graph\">{\"@context\":\"https:\/\/schema.org\",\"@graph\":[{\"@type\":\"WebPage\",\"@id\":\"https:\/\/www.echlorial.es\/blog\/la-chlorella-y-yo-artritis-fatiga-insomnio\/\",\"url\":\"https:\/\/www.echlorial.es\/blog\/la-chlorella-y-yo-artritis-fatiga-insomnio\/\",\"name\":\"La chlorella y yo: artritis, fatiga, insomnio\",\"isPartOf\":{\"@id\":\"https:\/\/www.echlorial.fr\/blog\/#website\"},\"datePublished\":\"2015-04-13T19:55:40+00:00\",\"dateModified\":\"2015-04-13T19:55:40+00:00\",\"author\":{\"@id\":\"https:\/\/www.echlorial.fr\/blog\/#\/schema\/person\/0e76c63d04141dd4ae797ce19887e7a6\"},\"description\":\"Naturopat\u00eda, desintoxicaci\u00f3n de metales pesados, testimonio sobre los efectos de la Chlorella: Aquejado de artritis, fatiga e insomnio, despu\u00e9s de haber...\",\"breadcrumb\":{\"@id\":\"https:\/\/www.echlorial.es\/blog\/la-chlorella-y-yo-artritis-fatiga-insomnio\/#breadcrumb\"},\"inLanguage\":\"es\",\"potentialAction\":[{\"@type\":\"ReadAction\",\"target\":[\"https:\/\/www.echlorial.es\/blog\/la-chlorella-y-yo-artritis-fatiga-insomnio\/\"]}]},{\"@type\":\"BreadcrumbList\",\"@id\":\"https:\/\/www.echlorial.es\/blog\/la-chlorella-y-yo-artritis-fatiga-insomnio\/#breadcrumb\",\"itemListElement\":[{\"@type\":\"ListItem\",\"position\":1,\"name\":\"Inicio\",\"item\":\"https:\/\/www.echlorial.es\/\"},{\"@type\":\"ListItem\",\"position\":2,\"name\":\"Testimonios\",\"item\":\"https:\/\/www.echlorial.es\/blog\/category\/testimonios\/\"},{\"@type\":\"ListItem\",\"position\":3,\"name\":\"Articulaciones\",\"item\":\"https:\/\/www.echlorial.es\/blog\/category\/testimonios\/dolor-y-artritis\/\"},{\"@type\":\"ListItem\",\"position\":4,\"name\":\"La chlorella y yo: artritis, fatiga, insomnio\"}]},{\"@type\":\"WebSite\",\"@id\":\"https:\/\/www.echlorial.fr\/blog\/#website\",\"url\":\"https:\/\/www.echlorial.fr\/blog\/\",\"name\":\"eChlorial\",\"description\":\"Chlorella extra pure cultiv\u00e9e sous tube de verre en Allemagne\",\"potentialAction\":[{\"@type\":\"SearchAction\",\"target\":{\"@type\":\"EntryPoint\",\"urlTemplate\":\"https:\/\/www.echlorial.fr\/blog\/?s={search_term_string}\"},\"query-input\":\"required name=search_term_string\"}],\"inLanguage\":\"es\"},{\"@type\":\"Person\",\"@id\":\"https:\/\/www.echlorial.fr\/blog\/#\/schema\/person\/0e76c63d04141dd4ae797ce19887e7a6\",\"name\":\"admin_echlorial\",\"sameAs\":[\"http:\/\/www.echlorial.fr\"],\"url\":\"https:\/\/www.echlorial.es\/blog\/author\/admin_echlorial\/\"}]}<\/script>\n<!-- \/ Yoast SEO plugin. -->","yoast_head_json":{"title":"La chlorella y yo: artritis, fatiga, insomnio","description":"Naturopat\u00eda, desintoxicaci\u00f3n de metales pesados, testimonio sobre los efectos de la Chlorella: Aquejado de artritis, fatiga e insomnio, despu\u00e9s de haber...","robots":{"index":"index","follow":"follow","max-snippet":"max-snippet:-1","max-image-preview":"max-image-preview:large","max-video-preview":"max-video-preview:-1"},"canonical":"https:\/\/www.echlorial.es\/blog\/la-chlorella-y-yo-artritis-fatiga-insomnio\/","og_locale":"es_ES","og_type":"article","og_title":"La chlorella y yo: artritis, fatiga, insomnio","og_description":"Naturopat\u00eda, desintoxicaci\u00f3n de metales pesados, testimonio sobre los efectos de la Chlorella: Aquejado de artritis, fatiga e insomnio, despu\u00e9s de haber...","og_url":"https:\/\/www.echlorial.es\/blog\/la-chlorella-y-yo-artritis-fatiga-insomnio\/","og_site_name":"eChlorial","article_published_time":"2015-04-13T19:55:40+00:00","author":"admin_echlorial","twitter_misc":{"Escrito por":"admin_echlorial","Tiempo de lectura":"1 minuto"},"schema":{"@context":"https:\/\/schema.org","@graph":[{"@type":"WebPage","@id":"https:\/\/www.echlorial.es\/blog\/la-chlorella-y-yo-artritis-fatiga-insomnio\/","url":"https:\/\/www.echlorial.es\/blog\/la-chlorella-y-yo-artritis-fatiga-insomnio\/","name":"La chlorella y yo: artritis, fatiga, insomnio","isPartOf":{"@id":"https:\/\/www.echlorial.fr\/blog\/#website"},"datePublished":"2015-04-13T19:55:40+00:00","dateModified":"2015-04-13T19:55:40+00:00","author":{"@id":"https:\/\/www.echlorial.fr\/blog\/#\/schema\/person\/0e76c63d04141dd4ae797ce19887e7a6"},"description":"Naturopat\u00eda, desintoxicaci\u00f3n de metales pesados, testimonio sobre los efectos de la Chlorella: Aquejado de artritis, fatiga e insomnio, despu\u00e9s de haber...","breadcrumb":{"@id":"https:\/\/www.echlorial.es\/blog\/la-chlorella-y-yo-artritis-fatiga-insomnio\/#breadcrumb"},"inLanguage":"es","potentialAction":[{"@type":"ReadAction","target":["https:\/\/www.echlorial.es\/blog\/la-chlorella-y-yo-artritis-fatiga-insomnio\/"]}]},{"@type":"BreadcrumbList","@id":"https:\/\/www.echlorial.es\/blog\/la-chlorella-y-yo-artritis-fatiga-insomnio\/#breadcrumb","itemListElement":[{"@type":"ListItem","position":1,"name":"Inicio","item":"https:\/\/www.echlorial.es\/"},{"@type":"ListItem","position":2,"name":"Testimonios","item":"https:\/\/www.echlorial.es\/blog\/category\/testimonios\/"},{"@type":"ListItem","position":3,"name":"Articulaciones","item":"https:\/\/www.echlorial.es\/blog\/category\/testimonios\/dolor-y-artritis\/"},{"@type":"ListItem","position":4,"name":"La chlorella y yo: artritis, fatiga, insomnio"}]},{"@type":"WebSite","@id":"https:\/\/www.echlorial.fr\/blog\/#website","url":"https:\/\/www.echlorial.fr\/blog\/","name":"eChlorial","description":"Chlorella extra pure cultiv\u00e9e sous tube de verre en Allemagne","potentialAction":[{"@type":"SearchAction","target":{"@type":"EntryPoint","urlTemplate":"https:\/\/www.echlorial.fr\/blog\/?s={search_term_string}"},"query-input":"required name=search_term_string"}],"inLanguage":"es"},{"@type":"Person","@id":"https:\/\/www.echlorial.fr\/blog\/#\/schema\/person\/0e76c63d04141dd4ae797ce19887e7a6","name":"admin_echlorial","sameAs":["http:\/\/www.echlorial.fr"],"url":"https:\/\/www.echlorial.es\/blog\/author\/admin_echlorial\/"}]}},"_links":{"self":[{"href":"https:\/\/www.echlorial.es\/blog\/wp-json\/wp\/v2\/posts\/7515"}],"collection":[{"href":"https:\/\/www.echlorial.es\/blog\/wp-json\/wp\/v2\/posts"}],"about":[{"href":"https:\/\/www.echlorial.es\/blog\/wp-json\/wp\/v2\/types\/post"}],"author":[{"embeddable":true,"href":"https:\/\/www.echlorial.es\/blog\/wp-json\/wp\/v2\/users\/1"}],"replies":[{"embeddable":true,"href":"https:\/\/www.echlorial.es\/blog\/wp-json\/wp\/v2\/comments?post=7515"}],"version-history":[{"count":0,"href":"https:\/\/www.echlorial.es\/blog\/wp-json\/wp\/v2\/posts\/7515\/revisions"}],"wp:attachment":[{"href":"https:\/\/www.echlorial.es\/blog\/wp-json\/wp\/v2\/media?parent=7515"}],"wp:term":[{"taxonomy":"category","embeddable":true,"href":"https:\/\/www.echlorial.es\/blog\/wp-json\/wp\/v2\/categories?post=7515"},{"taxonomy":"post_tag","embeddable":true,"href":"https:\/\/www.echlorial.es\/blog\/wp-json\/wp\/v2\/tags?post=7515"}],"curies":[{"name":"wp","href":"https:\/\/api.w.org\/{rel}","templated":true}]}}