{"id":7631,"date":"2020-08-06T14:03:45","date_gmt":"2020-08-06T14:03:45","guid":{"rendered":"https:\/\/www.echlorial.fr\/blog\/astaxantina-2-meses\/"},"modified":"2020-08-06T14:03:45","modified_gmt":"2020-08-06T14:03:45","slug":"astaxantina-2-meses","status":"publish","type":"post","link":"https:\/\/www.echlorial.es\/blog\/astaxantina-2-meses\/","title":{"rendered":"Astaxantina: despu\u00e9s de 2 meses"},"content":{"rendered":"<p><span style=\"font-size: 12pt;\">Le\u00ed un art\u00edculo fascinante sobre los beneficios de la astaxantina en una revista distribuida por mi tienda de productos ecol\u00f3gicos. Como enfermo recurrente de fibromialgia con ansiedad natural y ataques de p\u00e1nico, vi en la astaxantina la posibilidad de reforzar mis defensas inmunitarias y probablemente remediar las molestias.<\/span><\/p>\n<p><span style=\"font-size: 12pt;\">Comprend\u00ed que el tiempo y la duraci\u00f3n de la ingesta eran importantes para medir los efectos. Lo m\u00e1s dif\u00edcil era encontrar un laboratorio en el que pudiera confiar. Intuitivamente me decant\u00e9 por Echlorial.<\/span><\/p>\n<p><span style=\"font-size: 12pt;\"> 8 gr al d\u00eda, 2 c\u00e1psulas a la hora de comer durante 5 d\u00edas: 2 horas despu\u00e9s me sent\u00eda como si hubiera bebido 2 o 3 caf\u00e9s&#8230; Pens\u00e9 que la dosis era demasiado alta. Tom\u00e9 s\u00f3lo una c\u00e1psula durante dos d\u00edas. Menos molestias pero no me encontraba bien. Estuve a punto de dejarlo. Entonces empec\u00e9 a tomar las 2 c\u00e1psulas en el desayuno. Las molestias desaparecieron, s\u00f3lo una sensaci\u00f3n de hipoglucemia al final de la ma\u00f1ana. \u00bfPero no es s\u00f3lo un poco de hipoglucemia? Tomo 2 c\u00e1psulas desde hace 2 meses. Me lo acaban de recomendar. Estoy dudando si suplementar con chorella. Estoy pensando en continuar as\u00ed durante varios meses; s\u00f3lo para hacer una declaraci\u00f3n sobre la astaxantina.<\/span><\/p>\n<p><span style=\"font-size: 14pt;\"><a class=\"btn btn-default\">Lamartine<\/a><\/span><\/p>\n","protected":false},"excerpt":{"rendered":"<p>Le\u00ed un art\u00edculo fascinante sobre los beneficios de la astaxantina en una revista distribuida por mi tienda de productos ecol\u00f3gicos. Como enfermo recurrente de fibromialgia con ansiedad natural y ataques de p\u00e1nico, vi en la astaxantina la posibilidad de reforzar mis defensas inmunitarias y probablemente remediar las molestias. Comprend\u00ed que el tiempo y la duraci\u00f3n [&hellip;]<\/p>\n","protected":false},"author":1,"featured_media":0,"comment_status":"open","ping_status":"open","sticky":false,"template":"","format":"standard","meta":[],"categories":[325,296],"tags":[],"acf":[],"yoast_head":"<!-- This site is optimized with the Yoast SEO plugin v19.7.1 - https:\/\/yoast.com\/wordpress\/plugins\/seo\/ -->\n<title>Astaxantina: despu\u00e9s de 2 meses<\/title>\n<meta name=\"description\" content=\"Soy un enfermo recurrente de fibromialgia con ansiedad natural y ataques de p\u00e1nico. Vi en la astaxantina la posibilidad de reforzar mis defensas...\" \/>\n<meta name=\"robots\" content=\"index, follow, max-snippet:-1, max-image-preview:large, max-video-preview:-1\" \/>\n<link rel=\"canonical\" href=\"https:\/\/www.echlorial.es\/blog\/astaxantina-2-meses\/\" \/>\n<meta property=\"og:locale\" content=\"es_ES\" \/>\n<meta property=\"og:type\" content=\"article\" \/>\n<meta property=\"og:title\" content=\"Astaxantina: despu\u00e9s de 2 meses\" \/>\n<meta property=\"og:description\" content=\"Soy un enfermo recurrente de fibromialgia con ansiedad natural y ataques de p\u00e1nico. Vi en la astaxantina la posibilidad de reforzar mis defensas...\" \/>\n<meta property=\"og:url\" content=\"https:\/\/www.echlorial.es\/blog\/astaxantina-2-meses\/\" \/>\n<meta property=\"og:site_name\" content=\"eChlorial\" \/>\n<meta property=\"article:published_time\" content=\"2020-08-06T14:03:45+00:00\" \/>\n<meta name=\"author\" content=\"admin_echlorial\" \/>\n<meta name=\"twitter:label1\" content=\"Escrito por\" \/>\n\t<meta name=\"twitter:data1\" content=\"admin_echlorial\" \/>\n\t<meta name=\"twitter:label2\" content=\"Tiempo de lectura\" \/>\n\t<meta name=\"twitter:data2\" content=\"1 minuto\" \/>\n<script type=\"application\/ld+json\" class=\"yoast-schema-graph\">{\"@context\":\"https:\/\/schema.org\",\"@graph\":[{\"@type\":\"WebPage\",\"@id\":\"https:\/\/www.echlorial.es\/blog\/astaxantina-2-meses\/\",\"url\":\"https:\/\/www.echlorial.es\/blog\/astaxantina-2-meses\/\",\"name\":\"Astaxantina: despu\u00e9s de 2 meses\",\"isPartOf\":{\"@id\":\"https:\/\/www.echlorial.fr\/blog\/#website\"},\"datePublished\":\"2020-08-06T14:03:45+00:00\",\"dateModified\":\"2020-08-06T14:03:45+00:00\",\"author\":{\"@id\":\"https:\/\/www.echlorial.fr\/blog\/#\/schema\/person\/0e76c63d04141dd4ae797ce19887e7a6\"},\"description\":\"Soy un enfermo recurrente de fibromialgia con ansiedad natural y ataques de p\u00e1nico. Vi en la astaxantina la posibilidad de reforzar mis defensas...\",\"breadcrumb\":{\"@id\":\"https:\/\/www.echlorial.es\/blog\/astaxantina-2-meses\/#breadcrumb\"},\"inLanguage\":\"es\",\"potentialAction\":[{\"@type\":\"ReadAction\",\"target\":[\"https:\/\/www.echlorial.es\/blog\/astaxantina-2-meses\/\"]}]},{\"@type\":\"BreadcrumbList\",\"@id\":\"https:\/\/www.echlorial.es\/blog\/astaxantina-2-meses\/#breadcrumb\",\"itemListElement\":[{\"@type\":\"ListItem\",\"position\":1,\"name\":\"Inicio\",\"item\":\"https:\/\/www.echlorial.es\/\"},{\"@type\":\"ListItem\",\"position\":2,\"name\":\"Testimonios\",\"item\":\"https:\/\/www.echlorial.es\/blog\/category\/testimonios\/\"},{\"@type\":\"ListItem\",\"position\":3,\"name\":\"Astaxantina T.\",\"item\":\"https:\/\/www.echlorial.es\/blog\/category\/testimonios\/astaxantina\/\"},{\"@type\":\"ListItem\",\"position\":4,\"name\":\"Astaxantina: despu\u00e9s de 2 meses\"}]},{\"@type\":\"WebSite\",\"@id\":\"https:\/\/www.echlorial.fr\/blog\/#website\",\"url\":\"https:\/\/www.echlorial.fr\/blog\/\",\"name\":\"eChlorial\",\"description\":\"Chlorella extra pure cultiv\u00e9e sous tube de verre en Allemagne\",\"potentialAction\":[{\"@type\":\"SearchAction\",\"target\":{\"@type\":\"EntryPoint\",\"urlTemplate\":\"https:\/\/www.echlorial.fr\/blog\/?s={search_term_string}\"},\"query-input\":\"required name=search_term_string\"}],\"inLanguage\":\"es\"},{\"@type\":\"Person\",\"@id\":\"https:\/\/www.echlorial.fr\/blog\/#\/schema\/person\/0e76c63d04141dd4ae797ce19887e7a6\",\"name\":\"admin_echlorial\",\"sameAs\":[\"http:\/\/www.echlorial.fr\"],\"url\":\"https:\/\/www.echlorial.es\/blog\/author\/admin_echlorial\/\"}]}<\/script>\n<!-- \/ Yoast SEO plugin. -->","yoast_head_json":{"title":"Astaxantina: despu\u00e9s de 2 meses","description":"Soy un enfermo recurrente de fibromialgia con ansiedad natural y ataques de p\u00e1nico. Vi en la astaxantina la posibilidad de reforzar mis defensas...","robots":{"index":"index","follow":"follow","max-snippet":"max-snippet:-1","max-image-preview":"max-image-preview:large","max-video-preview":"max-video-preview:-1"},"canonical":"https:\/\/www.echlorial.es\/blog\/astaxantina-2-meses\/","og_locale":"es_ES","og_type":"article","og_title":"Astaxantina: despu\u00e9s de 2 meses","og_description":"Soy un enfermo recurrente de fibromialgia con ansiedad natural y ataques de p\u00e1nico. Vi en la astaxantina la posibilidad de reforzar mis defensas...","og_url":"https:\/\/www.echlorial.es\/blog\/astaxantina-2-meses\/","og_site_name":"eChlorial","article_published_time":"2020-08-06T14:03:45+00:00","author":"admin_echlorial","twitter_misc":{"Escrito por":"admin_echlorial","Tiempo de lectura":"1 minuto"},"schema":{"@context":"https:\/\/schema.org","@graph":[{"@type":"WebPage","@id":"https:\/\/www.echlorial.es\/blog\/astaxantina-2-meses\/","url":"https:\/\/www.echlorial.es\/blog\/astaxantina-2-meses\/","name":"Astaxantina: despu\u00e9s de 2 meses","isPartOf":{"@id":"https:\/\/www.echlorial.fr\/blog\/#website"},"datePublished":"2020-08-06T14:03:45+00:00","dateModified":"2020-08-06T14:03:45+00:00","author":{"@id":"https:\/\/www.echlorial.fr\/blog\/#\/schema\/person\/0e76c63d04141dd4ae797ce19887e7a6"},"description":"Soy un enfermo recurrente de fibromialgia con ansiedad natural y ataques de p\u00e1nico. Vi en la astaxantina la posibilidad de reforzar mis defensas...","breadcrumb":{"@id":"https:\/\/www.echlorial.es\/blog\/astaxantina-2-meses\/#breadcrumb"},"inLanguage":"es","potentialAction":[{"@type":"ReadAction","target":["https:\/\/www.echlorial.es\/blog\/astaxantina-2-meses\/"]}]},{"@type":"BreadcrumbList","@id":"https:\/\/www.echlorial.es\/blog\/astaxantina-2-meses\/#breadcrumb","itemListElement":[{"@type":"ListItem","position":1,"name":"Inicio","item":"https:\/\/www.echlorial.es\/"},{"@type":"ListItem","position":2,"name":"Testimonios","item":"https:\/\/www.echlorial.es\/blog\/category\/testimonios\/"},{"@type":"ListItem","position":3,"name":"Astaxantina T.","item":"https:\/\/www.echlorial.es\/blog\/category\/testimonios\/astaxantina\/"},{"@type":"ListItem","position":4,"name":"Astaxantina: despu\u00e9s de 2 meses"}]},{"@type":"WebSite","@id":"https:\/\/www.echlorial.fr\/blog\/#website","url":"https:\/\/www.echlorial.fr\/blog\/","name":"eChlorial","description":"Chlorella extra pure cultiv\u00e9e sous tube de verre en Allemagne","potentialAction":[{"@type":"SearchAction","target":{"@type":"EntryPoint","urlTemplate":"https:\/\/www.echlorial.fr\/blog\/?s={search_term_string}"},"query-input":"required name=search_term_string"}],"inLanguage":"es"},{"@type":"Person","@id":"https:\/\/www.echlorial.fr\/blog\/#\/schema\/person\/0e76c63d04141dd4ae797ce19887e7a6","name":"admin_echlorial","sameAs":["http:\/\/www.echlorial.fr"],"url":"https:\/\/www.echlorial.es\/blog\/author\/admin_echlorial\/"}]}},"_links":{"self":[{"href":"https:\/\/www.echlorial.es\/blog\/wp-json\/wp\/v2\/posts\/7631"}],"collection":[{"href":"https:\/\/www.echlorial.es\/blog\/wp-json\/wp\/v2\/posts"}],"about":[{"href":"https:\/\/www.echlorial.es\/blog\/wp-json\/wp\/v2\/types\/post"}],"author":[{"embeddable":true,"href":"https:\/\/www.echlorial.es\/blog\/wp-json\/wp\/v2\/users\/1"}],"replies":[{"embeddable":true,"href":"https:\/\/www.echlorial.es\/blog\/wp-json\/wp\/v2\/comments?post=7631"}],"version-history":[{"count":0,"href":"https:\/\/www.echlorial.es\/blog\/wp-json\/wp\/v2\/posts\/7631\/revisions"}],"wp:attachment":[{"href":"https:\/\/www.echlorial.es\/blog\/wp-json\/wp\/v2\/media?parent=7631"}],"wp:term":[{"taxonomy":"category","embeddable":true,"href":"https:\/\/www.echlorial.es\/blog\/wp-json\/wp\/v2\/categories?post=7631"},{"taxonomy":"post_tag","embeddable":true,"href":"https:\/\/www.echlorial.es\/blog\/wp-json\/wp\/v2\/tags?post=7631"}],"curies":[{"name":"wp","href":"https:\/\/api.w.org\/{rel}","templated":true}]}}