{"id":7651,"date":"2020-07-18T08:33:22","date_gmt":"2020-07-18T08:33:22","guid":{"rendered":"https:\/\/www.echlorial.fr\/blog\/cruce-de-boyero-de-berna\/"},"modified":"2020-07-18T08:33:22","modified_gmt":"2020-07-18T08:33:22","slug":"cruce-de-boyero-de-berna","status":"publish","type":"post","link":"https:\/\/www.echlorial.es\/blog\/cruce-de-boyero-de-berna\/","title":{"rendered":"Cruce de Boyero de Berna"},"content":{"rendered":"<p><span style=\"font-size: 12pt;\">He le\u00eddo los testimonios y me he quedado sin palabras. Esta es mi historia, mi perro peque\u00f1o no paraba de toser este verano y lo llev\u00e9 al veterinario que me dijo que no era m\u00e1s que una gripe. El tratamiento el veterinario le dio tratamiento con cortisona durante un mes, no mejoraba as\u00ed que lo llevamos a una buena cl\u00ednica y all\u00ed el diagn\u00f3stico tumor maligno con met\u00e1stasis en el h\u00edgado y bazo estamos deprimidos.<\/span><\/p>\n<p><span style=\"font-size: 12pt;\">Leyendo todos vuestros testimonios ped\u00ed chlorella que empec\u00e9 hace casi una semana y todav\u00eda veo que mi Loulou tiene m\u00e1s melocot\u00f3n que no sufre y sobre todo mucho apetito. No se cuanto durar\u00e1 pero quiero daros las gracias porque gracias a vuestros testimonios no dud\u00e9 en hacer el pedido. Mi Loulou tiene 9 a\u00f1os y le quiero mucho.<\/span><\/p>\n<p><span style=\"font-size: 14pt;\"><a class=\"btn btn-default\">Thierry<\/a><\/span><\/p>\n","protected":false},"excerpt":{"rendered":"<p>He le\u00eddo los testimonios y me he quedado sin palabras. Esta es mi historia, mi perro peque\u00f1o no paraba de toser este verano y lo llev\u00e9 al veterinario que me dijo que no era m\u00e1s que una gripe. El tratamiento el veterinario le dio tratamiento con cortisona durante un mes, no mejoraba as\u00ed que lo [&hellip;]<\/p>\n","protected":false},"author":1,"featured_media":0,"comment_status":"open","ping_status":"open","sticky":false,"template":"","format":"standard","meta":[],"categories":[327,299,296],"tags":[],"acf":[],"yoast_head":"<!-- This site is optimized with the Yoast SEO plugin v19.7.1 - https:\/\/yoast.com\/wordpress\/plugins\/seo\/ -->\n<title>Cruce de Boyero de Berna<\/title>\n<meta name=\"robots\" content=\"index, follow, max-snippet:-1, max-image-preview:large, max-video-preview:-1\" \/>\n<link rel=\"canonical\" href=\"https:\/\/www.echlorial.es\/blog\/cruce-de-boyero-de-berna\/\" \/>\n<meta property=\"og:locale\" content=\"es_ES\" \/>\n<meta property=\"og:type\" content=\"article\" \/>\n<meta property=\"og:title\" content=\"Cruce de Boyero de Berna\" \/>\n<meta property=\"og:description\" content=\"He le\u00eddo los testimonios y me he quedado sin palabras. Esta es mi historia, mi perro peque\u00f1o no paraba de toser este verano y lo llev\u00e9 al veterinario que me dijo que no era m\u00e1s que una gripe. El tratamiento el veterinario le dio tratamiento con cortisona durante un mes, no mejoraba as\u00ed que lo [&hellip;]\" \/>\n<meta property=\"og:url\" content=\"https:\/\/www.echlorial.es\/blog\/cruce-de-boyero-de-berna\/\" \/>\n<meta property=\"og:site_name\" content=\"eChlorial\" \/>\n<meta property=\"article:published_time\" content=\"2020-07-18T08:33:22+00:00\" \/>\n<meta name=\"author\" content=\"admin_echlorial\" \/>\n<meta name=\"twitter:label1\" content=\"Escrito por\" \/>\n\t<meta name=\"twitter:data1\" content=\"admin_echlorial\" \/>\n\t<meta name=\"twitter:label2\" content=\"Tiempo de lectura\" \/>\n\t<meta name=\"twitter:data2\" content=\"1 minuto\" \/>\n<script type=\"application\/ld+json\" class=\"yoast-schema-graph\">{\"@context\":\"https:\/\/schema.org\",\"@graph\":[{\"@type\":\"WebPage\",\"@id\":\"https:\/\/www.echlorial.es\/blog\/cruce-de-boyero-de-berna\/\",\"url\":\"https:\/\/www.echlorial.es\/blog\/cruce-de-boyero-de-berna\/\",\"name\":\"Cruce de Boyero de Berna\",\"isPartOf\":{\"@id\":\"https:\/\/www.echlorial.fr\/blog\/#website\"},\"datePublished\":\"2020-07-18T08:33:22+00:00\",\"dateModified\":\"2020-07-18T08:33:22+00:00\",\"author\":{\"@id\":\"https:\/\/www.echlorial.fr\/blog\/#\/schema\/person\/0e76c63d04141dd4ae797ce19887e7a6\"},\"breadcrumb\":{\"@id\":\"https:\/\/www.echlorial.es\/blog\/cruce-de-boyero-de-berna\/#breadcrumb\"},\"inLanguage\":\"es\",\"potentialAction\":[{\"@type\":\"ReadAction\",\"target\":[\"https:\/\/www.echlorial.es\/blog\/cruce-de-boyero-de-berna\/\"]}]},{\"@type\":\"BreadcrumbList\",\"@id\":\"https:\/\/www.echlorial.es\/blog\/cruce-de-boyero-de-berna\/#breadcrumb\",\"itemListElement\":[{\"@type\":\"ListItem\",\"position\":1,\"name\":\"Inicio\",\"item\":\"https:\/\/www.echlorial.es\/\"},{\"@type\":\"ListItem\",\"position\":2,\"name\":\"Testimonios\",\"item\":\"https:\/\/www.echlorial.es\/blog\/category\/testimonios\/\"},{\"@type\":\"ListItem\",\"position\":3,\"name\":\"Mascotas y Animales\",\"item\":\"https:\/\/www.echlorial.es\/blog\/category\/testimonios\/animales\/\"},{\"@type\":\"ListItem\",\"position\":4,\"name\":\"C\u00e1ncer de bazo (perro)\",\"item\":\"https:\/\/www.echlorial.es\/blog\/category\/testimonios\/animales\/cancer-rata-perro\/\"},{\"@type\":\"ListItem\",\"position\":5,\"name\":\"Cruce de Boyero de Berna\"}]},{\"@type\":\"WebSite\",\"@id\":\"https:\/\/www.echlorial.fr\/blog\/#website\",\"url\":\"https:\/\/www.echlorial.fr\/blog\/\",\"name\":\"eChlorial\",\"description\":\"Chlorella extra pure cultiv\u00e9e sous tube de verre en Allemagne\",\"potentialAction\":[{\"@type\":\"SearchAction\",\"target\":{\"@type\":\"EntryPoint\",\"urlTemplate\":\"https:\/\/www.echlorial.fr\/blog\/?s={search_term_string}\"},\"query-input\":\"required name=search_term_string\"}],\"inLanguage\":\"es\"},{\"@type\":\"Person\",\"@id\":\"https:\/\/www.echlorial.fr\/blog\/#\/schema\/person\/0e76c63d04141dd4ae797ce19887e7a6\",\"name\":\"admin_echlorial\",\"sameAs\":[\"http:\/\/www.echlorial.fr\"],\"url\":\"https:\/\/www.echlorial.es\/blog\/author\/admin_echlorial\/\"}]}<\/script>\n<!-- \/ Yoast SEO plugin. -->","yoast_head_json":{"title":"Cruce de Boyero de Berna","robots":{"index":"index","follow":"follow","max-snippet":"max-snippet:-1","max-image-preview":"max-image-preview:large","max-video-preview":"max-video-preview:-1"},"canonical":"https:\/\/www.echlorial.es\/blog\/cruce-de-boyero-de-berna\/","og_locale":"es_ES","og_type":"article","og_title":"Cruce de Boyero de Berna","og_description":"He le\u00eddo los testimonios y me he quedado sin palabras. Esta es mi historia, mi perro peque\u00f1o no paraba de toser este verano y lo llev\u00e9 al veterinario que me dijo que no era m\u00e1s que una gripe. El tratamiento el veterinario le dio tratamiento con cortisona durante un mes, no mejoraba as\u00ed que lo [&hellip;]","og_url":"https:\/\/www.echlorial.es\/blog\/cruce-de-boyero-de-berna\/","og_site_name":"eChlorial","article_published_time":"2020-07-18T08:33:22+00:00","author":"admin_echlorial","twitter_misc":{"Escrito por":"admin_echlorial","Tiempo de lectura":"1 minuto"},"schema":{"@context":"https:\/\/schema.org","@graph":[{"@type":"WebPage","@id":"https:\/\/www.echlorial.es\/blog\/cruce-de-boyero-de-berna\/","url":"https:\/\/www.echlorial.es\/blog\/cruce-de-boyero-de-berna\/","name":"Cruce de Boyero de Berna","isPartOf":{"@id":"https:\/\/www.echlorial.fr\/blog\/#website"},"datePublished":"2020-07-18T08:33:22+00:00","dateModified":"2020-07-18T08:33:22+00:00","author":{"@id":"https:\/\/www.echlorial.fr\/blog\/#\/schema\/person\/0e76c63d04141dd4ae797ce19887e7a6"},"breadcrumb":{"@id":"https:\/\/www.echlorial.es\/blog\/cruce-de-boyero-de-berna\/#breadcrumb"},"inLanguage":"es","potentialAction":[{"@type":"ReadAction","target":["https:\/\/www.echlorial.es\/blog\/cruce-de-boyero-de-berna\/"]}]},{"@type":"BreadcrumbList","@id":"https:\/\/www.echlorial.es\/blog\/cruce-de-boyero-de-berna\/#breadcrumb","itemListElement":[{"@type":"ListItem","position":1,"name":"Inicio","item":"https:\/\/www.echlorial.es\/"},{"@type":"ListItem","position":2,"name":"Testimonios","item":"https:\/\/www.echlorial.es\/blog\/category\/testimonios\/"},{"@type":"ListItem","position":3,"name":"Mascotas y Animales","item":"https:\/\/www.echlorial.es\/blog\/category\/testimonios\/animales\/"},{"@type":"ListItem","position":4,"name":"C\u00e1ncer de bazo (perro)","item":"https:\/\/www.echlorial.es\/blog\/category\/testimonios\/animales\/cancer-rata-perro\/"},{"@type":"ListItem","position":5,"name":"Cruce de Boyero de Berna"}]},{"@type":"WebSite","@id":"https:\/\/www.echlorial.fr\/blog\/#website","url":"https:\/\/www.echlorial.fr\/blog\/","name":"eChlorial","description":"Chlorella extra pure cultiv\u00e9e sous tube de verre en Allemagne","potentialAction":[{"@type":"SearchAction","target":{"@type":"EntryPoint","urlTemplate":"https:\/\/www.echlorial.fr\/blog\/?s={search_term_string}"},"query-input":"required name=search_term_string"}],"inLanguage":"es"},{"@type":"Person","@id":"https:\/\/www.echlorial.fr\/blog\/#\/schema\/person\/0e76c63d04141dd4ae797ce19887e7a6","name":"admin_echlorial","sameAs":["http:\/\/www.echlorial.fr"],"url":"https:\/\/www.echlorial.es\/blog\/author\/admin_echlorial\/"}]}},"_links":{"self":[{"href":"https:\/\/www.echlorial.es\/blog\/wp-json\/wp\/v2\/posts\/7651"}],"collection":[{"href":"https:\/\/www.echlorial.es\/blog\/wp-json\/wp\/v2\/posts"}],"about":[{"href":"https:\/\/www.echlorial.es\/blog\/wp-json\/wp\/v2\/types\/post"}],"author":[{"embeddable":true,"href":"https:\/\/www.echlorial.es\/blog\/wp-json\/wp\/v2\/users\/1"}],"replies":[{"embeddable":true,"href":"https:\/\/www.echlorial.es\/blog\/wp-json\/wp\/v2\/comments?post=7651"}],"version-history":[{"count":0,"href":"https:\/\/www.echlorial.es\/blog\/wp-json\/wp\/v2\/posts\/7651\/revisions"}],"wp:attachment":[{"href":"https:\/\/www.echlorial.es\/blog\/wp-json\/wp\/v2\/media?parent=7651"}],"wp:term":[{"taxonomy":"category","embeddable":true,"href":"https:\/\/www.echlorial.es\/blog\/wp-json\/wp\/v2\/categories?post=7651"},{"taxonomy":"post_tag","embeddable":true,"href":"https:\/\/www.echlorial.es\/blog\/wp-json\/wp\/v2\/tags?post=7651"}],"curies":[{"name":"wp","href":"https:\/\/api.w.org\/{rel}","templated":true}]}}