{"id":7652,"date":"2021-03-04T11:20:31","date_gmt":"2021-03-04T11:20:31","guid":{"rendered":"https:\/\/www.echlorial.fr\/blog\/rika-6-anos-bernese-mountain-dog\/"},"modified":"2023-03-24T14:37:44","modified_gmt":"2023-03-24T14:37:44","slug":"rika-6-anos-perro-bernesa","status":"publish","type":"post","link":"https:\/\/www.echlorial.es\/blog\/rika-6-anos-perro-bernesa\/","title":{"rendered":"Rika 6 a\u00f1os perro de monta\u00f1a bernesa"},"content":{"rendered":"\n<p>Rika es una perra de monta\u00f1a bernesa adoptada por el SPA. Se le ha diagnosticado una enfermedad hep\u00e1tica con n\u00f3dulos en el h\u00edgado y barro en la ves\u00edcula biliar. Ya no quiere alimentarse. La obligamos como a un ganso&#8230;. Est\u00e1 con zentonil plus 400 y cortisona. Acabo de recibir clorela que le doy desde hace 2 d\u00edas. Espero que su estado mejore<\/p>\n","protected":false},"excerpt":{"rendered":"<p>Rika es una perra de monta\u00f1a bernesa adoptada por el SPA. Se le ha diagnosticado una enfermedad hep\u00e1tica con n\u00f3dulos en el h\u00edgado y barro en la ves\u00edcula biliar. Ya no quiere alimentarse. La obligamos como a un ganso&#8230;. Est\u00e1 con zentonil plus 400 y cortisona. Acabo de recibir clorela que le doy desde hace [&hellip;]<\/p>\n","protected":false},"author":1,"featured_media":0,"comment_status":"open","ping_status":"open","sticky":false,"template":"","format":"standard","meta":[],"categories":[299,296],"tags":[],"acf":[],"yoast_head":"<!-- This site is optimized with the Yoast SEO plugin v19.7.1 - https:\/\/yoast.com\/wordpress\/plugins\/seo\/ -->\n<title>Rika 6 a\u00f1os perro de monta\u00f1a bernesa<\/title>\n<meta name=\"description\" content=\"Rika es una perra de monta\u00f1a bernesa adoptada por el SPA. Se le ha diagnosticado una enfermedad hep\u00e1tica con n\u00f3dulos en el h\u00edgado y barro en la ves\u00edcula biliar. Ya no quiere alimentarse. La obligamos como a un ganso.\" \/>\n<meta name=\"robots\" content=\"index, follow, max-snippet:-1, max-image-preview:large, max-video-preview:-1\" \/>\n<link rel=\"canonical\" href=\"https:\/\/www.echlorial.es\/blog\/rika-6-anos-perro-bernesa\/\" \/>\n<meta property=\"og:locale\" content=\"es_ES\" \/>\n<meta property=\"og:type\" content=\"article\" \/>\n<meta property=\"og:title\" content=\"Rika 6 a\u00f1os perro de monta\u00f1a bernesa\" \/>\n<meta property=\"og:description\" content=\"Rika es una perra de monta\u00f1a bernesa adoptada por el SPA. Se le ha diagnosticado una enfermedad hep\u00e1tica con n\u00f3dulos en el h\u00edgado y barro en la ves\u00edcula biliar. Ya no quiere alimentarse. La obligamos como a un ganso.\" \/>\n<meta property=\"og:url\" content=\"https:\/\/www.echlorial.es\/blog\/rika-6-anos-perro-bernesa\/\" \/>\n<meta property=\"og:site_name\" content=\"eChlorial\" \/>\n<meta property=\"article:published_time\" content=\"2021-03-04T11:20:31+00:00\" \/>\n<meta property=\"article:modified_time\" content=\"2023-03-24T14:37:44+00:00\" \/>\n<meta name=\"author\" content=\"admin_echlorial\" \/>\n<meta name=\"twitter:label1\" content=\"Escrito por\" \/>\n\t<meta name=\"twitter:data1\" content=\"admin_echlorial\" \/>\n<script type=\"application\/ld+json\" class=\"yoast-schema-graph\">{\"@context\":\"https:\/\/schema.org\",\"@graph\":[{\"@type\":\"WebPage\",\"@id\":\"https:\/\/www.echlorial.es\/blog\/rika-6-anos-perro-bernesa\/\",\"url\":\"https:\/\/www.echlorial.es\/blog\/rika-6-anos-perro-bernesa\/\",\"name\":\"Rika 6 a\u00f1os perro de monta\u00f1a bernesa\",\"isPartOf\":{\"@id\":\"https:\/\/www.echlorial.com\/blog\/#website\"},\"datePublished\":\"2021-03-04T11:20:31+00:00\",\"dateModified\":\"2023-03-24T14:37:44+00:00\",\"author\":{\"@id\":\"https:\/\/www.echlorial.com\/blog\/#\/schema\/person\/0e76c63d04141dd4ae797ce19887e7a6\"},\"description\":\"Rika es una perra de monta\u00f1a bernesa adoptada por el SPA. Se le ha diagnosticado una enfermedad hep\u00e1tica con n\u00f3dulos en el h\u00edgado y barro en la ves\u00edcula biliar. Ya no quiere alimentarse. La obligamos como a un ganso.\",\"breadcrumb\":{\"@id\":\"https:\/\/www.echlorial.es\/blog\/rika-6-anos-perro-bernesa\/#breadcrumb\"},\"inLanguage\":\"es\",\"potentialAction\":[{\"@type\":\"ReadAction\",\"target\":[\"https:\/\/www.echlorial.es\/blog\/rika-6-anos-perro-bernesa\/\"]}]},{\"@type\":\"BreadcrumbList\",\"@id\":\"https:\/\/www.echlorial.es\/blog\/rika-6-anos-perro-bernesa\/#breadcrumb\",\"itemListElement\":[{\"@type\":\"ListItem\",\"position\":1,\"name\":\"Inicio\",\"item\":\"https:\/\/www.echlorial.es\/\"},{\"@type\":\"ListItem\",\"position\":2,\"name\":\"Testimonios\",\"item\":\"https:\/\/www.echlorial.es\/blog\/category\/testimonios\/\"},{\"@type\":\"ListItem\",\"position\":3,\"name\":\"Rika 6 a\u00f1os perro de monta\u00f1a bernesa\"}]},{\"@type\":\"WebSite\",\"@id\":\"https:\/\/www.echlorial.com\/blog\/#website\",\"url\":\"https:\/\/www.echlorial.com\/blog\/\",\"name\":\"eChlorial\",\"description\":\"Chlorella extra pure cultiv\u00e9e sous tube de verre en Allemagne\",\"potentialAction\":[{\"@type\":\"SearchAction\",\"target\":{\"@type\":\"EntryPoint\",\"urlTemplate\":\"https:\/\/www.echlorial.com\/blog\/?s={search_term_string}\"},\"query-input\":\"required name=search_term_string\"}],\"inLanguage\":\"es\"},{\"@type\":\"Person\",\"@id\":\"https:\/\/www.echlorial.com\/blog\/#\/schema\/person\/0e76c63d04141dd4ae797ce19887e7a6\",\"name\":\"admin_echlorial\",\"sameAs\":[\"http:\/\/www.echlorial.fr\"],\"url\":\"https:\/\/www.echlorial.es\/blog\/author\/admin_echlorial\/\"}]}<\/script>\n<!-- \/ Yoast SEO plugin. -->","yoast_head_json":{"title":"Rika 6 a\u00f1os perro de monta\u00f1a bernesa","description":"Rika es una perra de monta\u00f1a bernesa adoptada por el SPA. Se le ha diagnosticado una enfermedad hep\u00e1tica con n\u00f3dulos en el h\u00edgado y barro en la ves\u00edcula biliar. Ya no quiere alimentarse. La obligamos como a un ganso.","robots":{"index":"index","follow":"follow","max-snippet":"max-snippet:-1","max-image-preview":"max-image-preview:large","max-video-preview":"max-video-preview:-1"},"canonical":"https:\/\/www.echlorial.es\/blog\/rika-6-anos-perro-bernesa\/","og_locale":"es_ES","og_type":"article","og_title":"Rika 6 a\u00f1os perro de monta\u00f1a bernesa","og_description":"Rika es una perra de monta\u00f1a bernesa adoptada por el SPA. Se le ha diagnosticado una enfermedad hep\u00e1tica con n\u00f3dulos en el h\u00edgado y barro en la ves\u00edcula biliar. Ya no quiere alimentarse. La obligamos como a un ganso.","og_url":"https:\/\/www.echlorial.es\/blog\/rika-6-anos-perro-bernesa\/","og_site_name":"eChlorial","article_published_time":"2021-03-04T11:20:31+00:00","article_modified_time":"2023-03-24T14:37:44+00:00","author":"admin_echlorial","twitter_misc":{"Escrito por":"admin_echlorial"},"schema":{"@context":"https:\/\/schema.org","@graph":[{"@type":"WebPage","@id":"https:\/\/www.echlorial.es\/blog\/rika-6-anos-perro-bernesa\/","url":"https:\/\/www.echlorial.es\/blog\/rika-6-anos-perro-bernesa\/","name":"Rika 6 a\u00f1os perro de monta\u00f1a bernesa","isPartOf":{"@id":"https:\/\/www.echlorial.com\/blog\/#website"},"datePublished":"2021-03-04T11:20:31+00:00","dateModified":"2023-03-24T14:37:44+00:00","author":{"@id":"https:\/\/www.echlorial.com\/blog\/#\/schema\/person\/0e76c63d04141dd4ae797ce19887e7a6"},"description":"Rika es una perra de monta\u00f1a bernesa adoptada por el SPA. Se le ha diagnosticado una enfermedad hep\u00e1tica con n\u00f3dulos en el h\u00edgado y barro en la ves\u00edcula biliar. Ya no quiere alimentarse. La obligamos como a un ganso.","breadcrumb":{"@id":"https:\/\/www.echlorial.es\/blog\/rika-6-anos-perro-bernesa\/#breadcrumb"},"inLanguage":"es","potentialAction":[{"@type":"ReadAction","target":["https:\/\/www.echlorial.es\/blog\/rika-6-anos-perro-bernesa\/"]}]},{"@type":"BreadcrumbList","@id":"https:\/\/www.echlorial.es\/blog\/rika-6-anos-perro-bernesa\/#breadcrumb","itemListElement":[{"@type":"ListItem","position":1,"name":"Inicio","item":"https:\/\/www.echlorial.es\/"},{"@type":"ListItem","position":2,"name":"Testimonios","item":"https:\/\/www.echlorial.es\/blog\/category\/testimonios\/"},{"@type":"ListItem","position":3,"name":"Rika 6 a\u00f1os perro de monta\u00f1a bernesa"}]},{"@type":"WebSite","@id":"https:\/\/www.echlorial.com\/blog\/#website","url":"https:\/\/www.echlorial.com\/blog\/","name":"eChlorial","description":"Chlorella extra pure cultiv\u00e9e sous tube de verre en Allemagne","potentialAction":[{"@type":"SearchAction","target":{"@type":"EntryPoint","urlTemplate":"https:\/\/www.echlorial.com\/blog\/?s={search_term_string}"},"query-input":"required name=search_term_string"}],"inLanguage":"es"},{"@type":"Person","@id":"https:\/\/www.echlorial.com\/blog\/#\/schema\/person\/0e76c63d04141dd4ae797ce19887e7a6","name":"admin_echlorial","sameAs":["http:\/\/www.echlorial.fr"],"url":"https:\/\/www.echlorial.es\/blog\/author\/admin_echlorial\/"}]}},"_links":{"self":[{"href":"https:\/\/www.echlorial.es\/blog\/wp-json\/wp\/v2\/posts\/7652"}],"collection":[{"href":"https:\/\/www.echlorial.es\/blog\/wp-json\/wp\/v2\/posts"}],"about":[{"href":"https:\/\/www.echlorial.es\/blog\/wp-json\/wp\/v2\/types\/post"}],"author":[{"embeddable":true,"href":"https:\/\/www.echlorial.es\/blog\/wp-json\/wp\/v2\/users\/1"}],"replies":[{"embeddable":true,"href":"https:\/\/www.echlorial.es\/blog\/wp-json\/wp\/v2\/comments?post=7652"}],"version-history":[{"count":1,"href":"https:\/\/www.echlorial.es\/blog\/wp-json\/wp\/v2\/posts\/7652\/revisions"}],"predecessor-version":[{"id":7724,"href":"https:\/\/www.echlorial.es\/blog\/wp-json\/wp\/v2\/posts\/7652\/revisions\/7724"}],"wp:attachment":[{"href":"https:\/\/www.echlorial.es\/blog\/wp-json\/wp\/v2\/media?parent=7652"}],"wp:term":[{"taxonomy":"category","embeddable":true,"href":"https:\/\/www.echlorial.es\/blog\/wp-json\/wp\/v2\/categories?post=7652"},{"taxonomy":"post_tag","embeddable":true,"href":"https:\/\/www.echlorial.es\/blog\/wp-json\/wp\/v2\/tags?post=7652"}],"curies":[{"name":"wp","href":"https:\/\/api.w.org\/{rel}","templated":true}]}}