{"id":7680,"date":"2022-12-12T10:51:49","date_gmt":"2022-12-12T10:51:49","guid":{"rendered":"https:\/\/www.echlorial.fr\/blog\/radio-france-chlorella-2\/"},"modified":"2025-08-08T10:20:23","modified_gmt":"2025-08-08T10:20:23","slug":"radio-france-chlorella-2","status":"publish","type":"post","link":"https:\/\/www.echlorial.es\/blog\/radio-france-chlorella-2\/","title":{"rendered":"Radio France habla de la chlorella"},"content":{"rendered":"\n<p>Con motivo del 20\u00ba aniversario de eChlorial, recibimos la visita de No\u00e9mie Philippot, periodista de France Bleu Is\u00e8re, para hablar de nuestra trayectoria y nuestros proyectos. Ahora ubicado en el Espace <a href=\"https:\/\/www.espace-harmonia.fr\" target=\"_blank\" rel=\"noreferrer noopener\">Harmonia<\/a>, Vaulx Milieu, nuestro equipo est\u00e1 c\u00f3modamente instalado para desarrollar sus actividades. La entrevista entre <a href=\"https:\/\/www.echlorial.es\/blog\/doctor-muriel-cathaud\/\">Muriel Cathaud<\/a>, fundadora de Intellimed (eChlorial) y el periodista, menciona las propiedades de la <a href=\"https:\/\/www.echlorial.es\/blog\/chlorella-que-es\/\"><strong>chlorella<\/strong><\/a> y su inter\u00e9s para grandes chefs como <a href=\"https:\/\/www.echlorial.es\/blog\/plankton-pierre-gagnaire\/\">Pierre Gagnaire<\/a>, \u00a1a quienes les gusta incorporar el plancton en su cocina!<\/p>\n\n\n\n<p><strong>A continuaci\u00f3n encontrar\u00e1 la grabaci\u00f3n de la entrevista:<\/strong><\/p>\n\n\n\n<div class=\"wp-block-image is-style-default\"><figure class=\"aligncenter size-full\"><img loading=\"lazy\" width=\"82\" height=\"82\" src=\"https:\/\/www.echlorial.fr\/blog\/wp-content\/uploads\/2022\/12\/France_Bleu_logo.jpg\" alt=\"\" class=\"wp-image-6313\" srcset=\"https:\/\/www.echlorial.es\/blog\/wp-content\/uploads\/2022\/12\/France_Bleu_logo.jpg 82w, https:\/\/www.echlorial.es\/blog\/wp-content\/uploads\/2022\/12\/France_Bleu_logo-68x68.jpg 68w\" sizes=\"(max-width: 82px) 100vw, 82px\" \/><\/figure><\/div>\n\n\n\n<figure class=\"wp-block-audio\"><audio controls src=\"https:\/\/www.echlorial.fr\/blog\/wp-content\/uploads\/2022\/12\/InterviewECHLORIAL-FranceBleu.ogg\"><\/audio><figcaption>Entrevista France Bleu &#8211; Muriel Cathaud \/ No\u00e9mie Philippot &#8211; eChlorial. Fuente: France <a href=\"https:\/\/www.francebleu.fr\/emissions\/la-nouvelle-eco\/isere\" target=\"_blank\" rel=\"noreferrer noopener\">Bleu<\/a><\/figcaption><\/figure>\n\n\n\n<h3>Extracto de la entrevista:<\/h3>\n\n\n\n<h2>Esta empresa de Nord-Is\u00e8re vende microalgas a chefs estrella<\/h2>\n\n\n\n<p><em>Por No\u00e9mie Philippot<\/em><br><strong>\u00bfY si comi\u00e9ramos algas para estimular nuestro organismo? Eso es lo que le ofrece Intellimed, una empresa con sede en Vaulx Milieu, en la regi\u00f3n francesa de Nord-Is\u00e8re. Celebra su vig\u00e9simo aniversario y pretende implantarse en el mercado estadounidense.<\/strong><\/p>\n\n\n\n<div class=\"wp-block-image\"><figure class=\"alignright size-full\"><img loading=\"lazy\" width=\"475\" height=\"326\" src=\"https:\/\/www.echlorial.fr\/blog\/wp-content\/uploads\/2022\/12\/Gamme-eChlorial-small.jpg\" alt=\"\" class=\"wp-image-6321\" srcset=\"https:\/\/www.echlorial.es\/blog\/wp-content\/uploads\/2022\/12\/Gamme-eChlorial-small.jpg 475w, https:\/\/www.echlorial.es\/blog\/wp-content\/uploads\/2022\/12\/Gamme-eChlorial-small-300x206.jpg 300w, https:\/\/www.echlorial.es\/blog\/wp-content\/uploads\/2022\/12\/Gamme-eChlorial-small-160x110.jpg 160w\" sizes=\"(max-width: 475px) 100vw, 475px\" \/><figcaption>Microalgas Chlorella, Spirulina, Astaxantina, Omega 3<\/figcaption><\/figure><\/div>\n\n\n\n<p>Es un alga muy peque\u00f1a con virtudes la que Intellimed promueve: la chlorella. Comercializada en Francia desde hace 20 a\u00f1os. Sigue siendo m\u00e1s confidencial que la espirulina, pero Muriel Cathaud tiene la intenci\u00f3n de darla a conocer. Para desarrollarse, traslad\u00f3 su empresa de su domicilio a los locales del espacio Harmonia, en Vaulx-Milieu, al norte de la regi\u00f3n de Is\u00e8re, hace apenas un a\u00f1o. En Internet, ha adoptado el nombre de la marca de los productos que vende: eChlorial.<\/p>\n\n\n\n<p><strong>France Bleu Is\u00e8re: Su empresa celebra su 20\u00ba aniversario. \u00bfCu\u00e1l es su historia? Porque empez\u00f3 muy peque\u00f1a.<\/strong><\/p>\n\n\n\n<p><strong>Muriel Cathaud:<\/strong> S\u00ed, empez\u00f3 hace 20 a\u00f1os con la creaci\u00f3n de una empresa de consultor\u00eda en transferencia de tecnolog\u00eda. Y entonces, al mismo tiempo, descubr\u00ed una peque\u00f1a alga que considero&#8230; no m\u00e1gica, pero extremadamente valiosa para la salud, a trav\u00e9s de un amigo que hab\u00eda participado en el desarrollo de la metodolog\u00eda de producci\u00f3n de esta alga, en un tubo de vidrio, para obtener un producto extremadamente puro y limpio. Me propuso comercializarla en Francia, esta peque\u00f1a alga se llama chlorella.<\/p>\n\n\n\n<p><strong>\u00bfCu\u00e1l es su efecto sobre la salud?<\/strong><\/p>\n\n\n\n<p>Es un c\u00f3ctel de nutrientes extremadamente beneficiosos para la salud. Porque, en primer lugar, va a eliminar las carencias que todos tenemos, y su primer inter\u00e9s es trabajar sobre el intestino, sobre la <a href=\"https:\/\/www.echlorial.es\/blog\/intestinos-piensan-200-millones-de-neuronas\/\">microbiota<\/a> intestinal. Lo primero que va a hacer es limpiarla y reequilibrarla.<\/p>\n\n\n\n<p><strong>Sabiendo que no es un producto que s\u00f3lo se pueda utilizar en casa. \u00a1Cocineros que recurren a usted!<\/strong><\/p>\n\n\n\n<p>S\u00ed, es un producto confidencial para todo el mundo. Sin embargo, los grandes chefs, que est\u00e1n bien informados, y algunos que est\u00e1n muy interesados en los productos que vienen de Asia, en particular chefs como&#8230;<\/p>\n\n\n\n<p><strong>Leer el art\u00edculo completo : <\/strong><a href=\"https:\/\/www.francebleu.fr\/infos\/economie-social\/cette-entreprise-du-nord-isere-vend-des-micro-algues-aux-chefs-etoiles-7769894\" target=\"_blank\" rel=\"noreferrer noopener\">Esta empresa de Nord-Is\u00e8re vende microalgas a chefs estrella<\/a><\/p>\n","protected":false},"excerpt":{"rendered":"<p>Con motivo del 20\u00ba aniversario de eChlorial, recibimos la visita de No\u00e9mie Philippot, periodista de France Bleu Is\u00e8re, para hablar de nuestra trayectoria y nuestros proyectos. Ahora ubicado en el Espace Harmonia, Vaulx Milieu, nuestro equipo est\u00e1 c\u00f3modamente instalado para desarrollar sus actividades. La entrevista entre Muriel Cathaud, fundadora de Intellimed (eChlorial) y el periodista, [&hellip;]<\/p>\n","protected":false},"author":1,"featured_media":0,"comment_status":"open","ping_status":"open","sticky":false,"template":"","format":"standard","meta":[],"categories":[330,294],"tags":[332],"acf":[],"yoast_head":"<!-- This site is optimized with the Yoast SEO plugin v19.7.1 - https:\/\/yoast.com\/wordpress\/plugins\/seo\/ -->\n<title>Radio France habla de la chlorella<\/title>\n<meta name=\"description\" content=\"La entrevista entre Muriel Cathaud, fundadora de Intellimed, y el periodista menciona las propiedades de la chlorella y, en particular, su inter\u00e9s para grandes chefs como Pierre Gagnaire, \u00a1a quienes les gusta incorporar el plancton en su cocina!\" \/>\n<meta name=\"robots\" content=\"index, follow, max-snippet:-1, max-image-preview:large, max-video-preview:-1\" \/>\n<link rel=\"canonical\" href=\"https:\/\/www.echlorial.es\/blog\/radio-france-chlorella-2\/\" \/>\n<meta property=\"og:locale\" content=\"es_ES\" \/>\n<meta property=\"og:type\" content=\"article\" \/>\n<meta property=\"og:title\" content=\"Radio France habla de la chlorella\" \/>\n<meta property=\"og:description\" content=\"La entrevista entre Muriel Cathaud, fundadora de Intellimed, y el periodista menciona las propiedades de la chlorella y, en particular, su inter\u00e9s para grandes chefs como Pierre Gagnaire, \u00a1a quienes les gusta incorporar el plancton en su cocina!\" \/>\n<meta property=\"og:url\" content=\"https:\/\/www.echlorial.es\/blog\/radio-france-chlorella-2\/\" \/>\n<meta property=\"og:site_name\" content=\"eChlorial\" \/>\n<meta property=\"article:published_time\" content=\"2022-12-12T10:51:49+00:00\" \/>\n<meta property=\"article:modified_time\" content=\"2025-08-08T10:20:23+00:00\" \/>\n<meta property=\"og:image\" content=\"https:\/\/www.echlorial.fr\/blog\/wp-content\/uploads\/2022\/12\/France_Bleu_logo.jpg\" \/>\n<meta name=\"author\" content=\"admin_echlorial\" \/>\n<meta name=\"twitter:label1\" content=\"Escrito por\" \/>\n\t<meta name=\"twitter:data1\" content=\"admin_echlorial\" \/>\n\t<meta name=\"twitter:label2\" content=\"Tiempo de lectura\" \/>\n\t<meta name=\"twitter:data2\" content=\"2 minutos\" \/>\n<script type=\"application\/ld+json\" class=\"yoast-schema-graph\">{\"@context\":\"https:\/\/schema.org\",\"@graph\":[{\"@type\":\"WebPage\",\"@id\":\"https:\/\/www.echlorial.es\/blog\/radio-france-chlorella-2\/\",\"url\":\"https:\/\/www.echlorial.es\/blog\/radio-france-chlorella-2\/\",\"name\":\"Radio France habla de la chlorella\",\"isPartOf\":{\"@id\":\"https:\/\/www.echlorial.com\/blog\/#website\"},\"datePublished\":\"2022-12-12T10:51:49+00:00\",\"dateModified\":\"2025-08-08T10:20:23+00:00\",\"author\":{\"@id\":\"https:\/\/www.echlorial.com\/blog\/#\/schema\/person\/0e76c63d04141dd4ae797ce19887e7a6\"},\"description\":\"La entrevista entre Muriel Cathaud, fundadora de Intellimed, y el periodista menciona las propiedades de la chlorella y, en particular, su inter\u00e9s para grandes chefs como Pierre Gagnaire, \u00a1a quienes les gusta incorporar el plancton en su cocina!\",\"breadcrumb\":{\"@id\":\"https:\/\/www.echlorial.es\/blog\/radio-france-chlorella-2\/#breadcrumb\"},\"inLanguage\":\"es\",\"potentialAction\":[{\"@type\":\"ReadAction\",\"target\":[\"https:\/\/www.echlorial.es\/blog\/radio-france-chlorella-2\/\"]}]},{\"@type\":\"BreadcrumbList\",\"@id\":\"https:\/\/www.echlorial.es\/blog\/radio-france-chlorella-2\/#breadcrumb\",\"itemListElement\":[{\"@type\":\"ListItem\",\"position\":1,\"name\":\"Inicio\",\"item\":\"https:\/\/www.echlorial.es\/\"},{\"@type\":\"ListItem\",\"position\":2,\"name\":\"Ciencia y actualidad\",\"item\":\"https:\/\/www.echlorial.com\/blog\/category\/scienceandnews\/\"},{\"@type\":\"ListItem\",\"position\":3,\"name\":\"Radio France habla de la chlorella\"}]},{\"@type\":\"WebSite\",\"@id\":\"https:\/\/www.echlorial.com\/blog\/#website\",\"url\":\"https:\/\/www.echlorial.com\/blog\/\",\"name\":\"eChlorial\",\"description\":\"Chlorella extra pure cultiv\u00e9e sous tube de verre en Allemagne\",\"potentialAction\":[{\"@type\":\"SearchAction\",\"target\":{\"@type\":\"EntryPoint\",\"urlTemplate\":\"https:\/\/www.echlorial.com\/blog\/?s={search_term_string}\"},\"query-input\":\"required name=search_term_string\"}],\"inLanguage\":\"es\"},{\"@type\":\"Person\",\"@id\":\"https:\/\/www.echlorial.com\/blog\/#\/schema\/person\/0e76c63d04141dd4ae797ce19887e7a6\",\"name\":\"admin_echlorial\",\"sameAs\":[\"http:\/\/www.echlorial.fr\"],\"url\":\"https:\/\/www.echlorial.es\/blog\/author\/admin_echlorial\/\"}]}<\/script>\n<!-- \/ Yoast SEO plugin. -->","yoast_head_json":{"title":"Radio France habla de la chlorella","description":"La entrevista entre Muriel Cathaud, fundadora de Intellimed, y el periodista menciona las propiedades de la chlorella y, en particular, su inter\u00e9s para grandes chefs como Pierre Gagnaire, \u00a1a quienes les gusta incorporar el plancton en su cocina!","robots":{"index":"index","follow":"follow","max-snippet":"max-snippet:-1","max-image-preview":"max-image-preview:large","max-video-preview":"max-video-preview:-1"},"canonical":"https:\/\/www.echlorial.es\/blog\/radio-france-chlorella-2\/","og_locale":"es_ES","og_type":"article","og_title":"Radio France habla de la chlorella","og_description":"La entrevista entre Muriel Cathaud, fundadora de Intellimed, y el periodista menciona las propiedades de la chlorella y, en particular, su inter\u00e9s para grandes chefs como Pierre Gagnaire, \u00a1a quienes les gusta incorporar el plancton en su cocina!","og_url":"https:\/\/www.echlorial.es\/blog\/radio-france-chlorella-2\/","og_site_name":"eChlorial","article_published_time":"2022-12-12T10:51:49+00:00","article_modified_time":"2025-08-08T10:20:23+00:00","og_image":[{"url":"https:\/\/www.echlorial.fr\/blog\/wp-content\/uploads\/2022\/12\/France_Bleu_logo.jpg"}],"author":"admin_echlorial","twitter_misc":{"Escrito por":"admin_echlorial","Tiempo de lectura":"2 minutos"},"schema":{"@context":"https:\/\/schema.org","@graph":[{"@type":"WebPage","@id":"https:\/\/www.echlorial.es\/blog\/radio-france-chlorella-2\/","url":"https:\/\/www.echlorial.es\/blog\/radio-france-chlorella-2\/","name":"Radio France habla de la chlorella","isPartOf":{"@id":"https:\/\/www.echlorial.com\/blog\/#website"},"datePublished":"2022-12-12T10:51:49+00:00","dateModified":"2025-08-08T10:20:23+00:00","author":{"@id":"https:\/\/www.echlorial.com\/blog\/#\/schema\/person\/0e76c63d04141dd4ae797ce19887e7a6"},"description":"La entrevista entre Muriel Cathaud, fundadora de Intellimed, y el periodista menciona las propiedades de la chlorella y, en particular, su inter\u00e9s para grandes chefs como Pierre Gagnaire, \u00a1a quienes les gusta incorporar el plancton en su cocina!","breadcrumb":{"@id":"https:\/\/www.echlorial.es\/blog\/radio-france-chlorella-2\/#breadcrumb"},"inLanguage":"es","potentialAction":[{"@type":"ReadAction","target":["https:\/\/www.echlorial.es\/blog\/radio-france-chlorella-2\/"]}]},{"@type":"BreadcrumbList","@id":"https:\/\/www.echlorial.es\/blog\/radio-france-chlorella-2\/#breadcrumb","itemListElement":[{"@type":"ListItem","position":1,"name":"Inicio","item":"https:\/\/www.echlorial.es\/"},{"@type":"ListItem","position":2,"name":"Ciencia y actualidad","item":"https:\/\/www.echlorial.com\/blog\/category\/scienceandnews\/"},{"@type":"ListItem","position":3,"name":"Radio France habla de la chlorella"}]},{"@type":"WebSite","@id":"https:\/\/www.echlorial.com\/blog\/#website","url":"https:\/\/www.echlorial.com\/blog\/","name":"eChlorial","description":"Chlorella extra pure cultiv\u00e9e sous tube de verre en Allemagne","potentialAction":[{"@type":"SearchAction","target":{"@type":"EntryPoint","urlTemplate":"https:\/\/www.echlorial.com\/blog\/?s={search_term_string}"},"query-input":"required name=search_term_string"}],"inLanguage":"es"},{"@type":"Person","@id":"https:\/\/www.echlorial.com\/blog\/#\/schema\/person\/0e76c63d04141dd4ae797ce19887e7a6","name":"admin_echlorial","sameAs":["http:\/\/www.echlorial.fr"],"url":"https:\/\/www.echlorial.es\/blog\/author\/admin_echlorial\/"}]}},"_links":{"self":[{"href":"https:\/\/www.echlorial.es\/blog\/wp-json\/wp\/v2\/posts\/7680"}],"collection":[{"href":"https:\/\/www.echlorial.es\/blog\/wp-json\/wp\/v2\/posts"}],"about":[{"href":"https:\/\/www.echlorial.es\/blog\/wp-json\/wp\/v2\/types\/post"}],"author":[{"embeddable":true,"href":"https:\/\/www.echlorial.es\/blog\/wp-json\/wp\/v2\/users\/1"}],"replies":[{"embeddable":true,"href":"https:\/\/www.echlorial.es\/blog\/wp-json\/wp\/v2\/comments?post=7680"}],"version-history":[{"count":1,"href":"https:\/\/www.echlorial.es\/blog\/wp-json\/wp\/v2\/posts\/7680\/revisions"}],"predecessor-version":[{"id":7747,"href":"https:\/\/www.echlorial.es\/blog\/wp-json\/wp\/v2\/posts\/7680\/revisions\/7747"}],"wp:attachment":[{"href":"https:\/\/www.echlorial.es\/blog\/wp-json\/wp\/v2\/media?parent=7680"}],"wp:term":[{"taxonomy":"category","embeddable":true,"href":"https:\/\/www.echlorial.es\/blog\/wp-json\/wp\/v2\/categories?post=7680"},{"taxonomy":"post_tag","embeddable":true,"href":"https:\/\/www.echlorial.es\/blog\/wp-json\/wp\/v2\/tags?post=7680"}],"curies":[{"name":"wp","href":"https:\/\/api.w.org\/{rel}","templated":true}]}}